{"id":29,"date":"2025-05-02T10:51:28","date_gmt":"2025-05-02T10:51:28","guid":{"rendered":"https:\/\/rent.casashelter.com\/blog\/?p=29"},"modified":"2025-05-02T11:06:06","modified_gmt":"2025-05-02T11:06:06","slug":"remi-ameline-vp","status":"publish","type":"post","link":"https:\/\/rent.casashelter.com\/blog\/pt\/remi-ameline-vp\/","title":{"rendered":"Viva uma Experi\u00eancia Culin\u00e1ria Exclusiva em Lisboa com um Chef Privado"},"content":{"rendered":"\n<p><strong>Ofere\u00e7a-se Muito Mais do que uma Simples Refei\u00e7\u00e3o<\/strong><\/p>\n\n\n\n<p>E se as suas f\u00e9rias em Lisboa tomassem um rumo ainda mais saboroso? Imagine-se a relaxar na sua villa ou apartamento de aluguer enquanto deliciosos aromas se espalham pela cozinha. Sem stress, sem tarefas, apenas o prazer de saborear um momento gastron\u00f3mico entre amigos e familiares. \u00c9 isso que oferece R\u00e9mi Ameline, um chef privado apaixonado que est\u00e1 em Lisboa h\u00e1 8 anos.<\/p>\n\n\n\n<p>Com os seus servi\u00e7os personalizados, pode transformar cada refei\u00e7\u00e3o numa verdadeira experi\u00eancia culin\u00e1ria, sem levantar um dedo.<\/p>\n\n\n\n<hr class=\"wp-block-separator has-alpha-channel-opacity\"\/>\n\n\n\n<h3 class=\"wp-block-heading\"><strong>Uma Cozinha Franco-Portuguesa, Saborosa e Aconchegante<\/strong><\/h3>\n\n\n\n<p>R\u00e9mi Ameline n\u00e3o \u00e9 um chef qualquer. Autodidata, aprendeu a arte de cozinhar por paix\u00e3o e curiosidade, ao longo dos seus viajens, encontros e experi\u00eancias. Estabelecido em Lisboa h\u00e1 quase uma d\u00e9cada, absorveu os sabores locais enquanto manteve a sua heran\u00e7a culin\u00e1ria francesa.<\/p>\n\n\n\n<p>O resultado? Uma cozinha refinada, simples e generosa, que combina com subtilidade os produtos da terra portuguesa com a eleg\u00e2ncia francesa, enriquecida com toques de originalidade e especiarias bem equilibradas. Tudo servido numa atmosfera descontra\u00edda e acolhedora, ideal para umas f\u00e9rias focadas no prazer e partilha.<\/p>\n\n\n\n<hr class=\"wp-block-separator has-alpha-channel-opacity\"\/>\n\n\n\n<h3 class=\"wp-block-heading\"><strong>Um Servi\u00e7o Sob Medida, Em Casa ou Em Qualquer Outro Lugar<\/strong><\/h3>\n\n\n\n<p>A grande vantagem de R\u00e9mi \u00e9 a sua flexibilidade. Ele adapta-se aos seus desejos, necessidades e ritmo. Quer deseje um jantar rom\u00e2ntico, um brunch entre amigos ou at\u00e9 mesmo um chef privado para toda a dura\u00e7\u00e3o da sua estadia, ele est\u00e1 dispon\u00edvel.<\/p>\n\n\n\n<p>Aqui est\u00e3o algumas das op\u00e7\u00f5es que oferece:<\/p>\n\n\n\n<ul class=\"wp-block-list\">\n<li>Jantares, almo\u00e7os ou brunches em casa<\/li>\n\n\n\n<li>Chef privado durante toda a estadia: ideal para fam\u00edlias ou grupos<\/li>\n\n\n\n<li>Refei\u00e7\u00f5es prontas a comer entregues diretamente na sua casa<\/li>\n\n\n\n<li>Buffets para eventos privados (anivers\u00e1rios, reencontros, celebra\u00e7\u00f5es)<\/li>\n\n\n\n<li>Experi\u00eancias culin\u00e1rias originais: churrascos, show cooking, workshops de cozinha, cocktails com bartender\u2026<\/li>\n\n\n\n<li>Piqueniques gourmet para as suas escapadinhas na natureza ou \u00e0 praia<\/li>\n<\/ul>\n\n\n\n<p>R\u00e9mi trata de tudo: compras, prepara\u00e7\u00e3o, apresenta\u00e7\u00e3o, servi\u00e7o e limpeza. Tudo o que tem a fazer \u00e9 aproveitar o momento, com total tranquilidade.<\/p>\n\n\n\n<hr class=\"wp-block-separator has-alpha-channel-opacity\"\/>\n\n\n\n<h3 class=\"wp-block-heading\"><strong>Uma Experi\u00eancia a Viver&#8230; Mesmo na Casa do Chef!<\/strong><\/h3>\n\n\n\n<p>Quer algo ainda mais exclusivo? R\u00e9mi abre as portas do seu loft no centro de Lisboa para um jantar convivente e intimista. Uma oportunidade perfeita para descobrir a sua cozinha no seu universo pessoal, no cora\u00e7\u00e3o da cidade. Uma \u00f3tima forma de conciliar a visita a Lisboa com uma experi\u00eancia gastron\u00f3mica.<\/p>\n\n\n\n<hr class=\"wp-block-separator has-alpha-channel-opacity\"\/>\n\n\n\n<h3 class=\"wp-block-heading\"><strong>Por que escolher um chef privado durante as suas f\u00e9rias?<\/strong><\/h3>\n\n\n\n<p>Contratar um chef privado significa:<\/p>\n\n\n\n<ul class=\"wp-block-list\">\n<li>Poupar tempo e evitar os problemas de cozinhar e fazer compras<\/li>\n\n\n\n<li>Descobrir produtos locais preparados com cuidado<\/li>\n\n\n\n<li>Oferecer aos seus entes queridos uma experi\u00eancia memor\u00e1vel<\/li>\n\n\n\n<li>Viver momentos agrad\u00e1veis, num ambiente \u00edntimo<\/li>\n\n\n\n<li>Adaptar os menus de acordo com as suas prefer\u00eancias, alergias ou dietas<\/li>\n<\/ul>\n\n\n\n<p>\u00c9 a op\u00e7\u00e3o ideal para desfrutar ao m\u00e1ximo da sua estadia, sem comprometer a qualidade das refei\u00e7\u00f5es.<\/p>\n\n\n<div class=\"wp-block-image\">\n<figure class=\"aligncenter size-large is-resized\"><img fetchpriority=\"high\" decoding=\"async\" width=\"1066\" height=\"630\" src=\"https:\/\/rent.casashelter.com\/blog\/wp-content\/uploads\/2025\/05\/WhatsApp-Image-2025-05-02-at-11.50.00-1-1066x630.jpeg\" alt=\"R\u00e9mi Ameline\" class=\"wp-image-34\" style=\"width:668px;height:auto\"\/><\/figure>\n<\/div>\n\n\n<hr class=\"wp-block-separator has-alpha-channel-opacity\"\/>\n\n\n\n<h3 class=\"wp-block-heading\"><strong>Informa\u00e7\u00f5es Pr\u00e1ticas &amp; Reservas<\/strong><\/h3>\n\n\n\n<p>Para garantir uma organiza\u00e7\u00e3o \u00f3tima, reserve com pelo menos 3 dias de anteced\u00eancia. Os pre\u00e7os variam conforme o tipo de servi\u00e7o, o n\u00famero de pessoas, os ingredientes escolhidos, etc.<\/p>\n\n\n\n<p>Contacte R\u00e9mi para uma proposta personalizada:<\/p>\n\n\n\n<p>\ud83d\udcde WhatsApp: +351 964 712 760<br>\ud83d\udce7 E-mail: remi.ameline.01@gmail.com<br>\ud83d\udcf7 Instagram: <a href=\"https:\/\/www.instagram.com\/remi_cookofgoodtastes\/\">@remi_cookofgoodtastes<\/a><\/p>\n\n\n\n<hr class=\"wp-block-separator has-alpha-channel-opacity\"\/>\n\n\n\n<h3 class=\"wp-block-heading\"><strong>Conclus\u00e3o: Deixe a Magia Acontecer<\/strong><\/h3>\n\n\n\n<p>Ao escolher R\u00e9mi Ameline, n\u00e3o est\u00e1 apenas a reservar uma refei\u00e7\u00e3o; est\u00e1 a reservar um verdadeiro momento de prazer gastron\u00f3mico e descontra\u00e7\u00e3o. Seja em casa, num evento especial ou no seu loft em Lisboa, ele saber\u00e1 tornar a sua estadia inesquec\u00edvel com a sua paix\u00e3o, saber-fazer e generosidade.<\/p>\n","protected":false},"excerpt":{"rendered":"<p>Ofere\u00e7a-se Muito Mais do que uma Simples Refei\u00e7\u00e3o E se as suas f\u00e9rias em Lisboa tomassem um rumo ainda mais&#8230;<\/p>\n","protected":false},"author":2,"featured_media":40,"comment_status":"open","ping_status":"open","sticky":false,"template":"","format":"standard","meta":{"footnotes":""},"categories":[12],"tags":[],"class_list":["post-29","post","type-post","status-publish","format-standard","has-post-thumbnail","hentry","category-concierge-servicos"],"yoast_head":"<!-- This site is optimized with the Yoast SEO plugin v27.4 - https:\/\/yoast.com\/product\/yoast-seo-wordpress\/ -->\n<title>Viva uma Experi\u00eancia Culin\u00e1ria Exclusiva em Lisboa<\/title>\n<meta name=\"description\" content=\"Viva uma Experi\u00eancia Culin\u00e1ria Exclusiva em Lisboa com um Chef Privado\" \/>\n<meta name=\"robots\" content=\"index, follow, max-snippet:-1, max-image-preview:large, max-video-preview:-1\" \/>\n<link rel=\"canonical\" href=\"https:\/\/rent.casashelter.com\/blog\/pt\/remi-ameline-vp\/\" \/>\n<meta property=\"og:locale\" content=\"pt_PT\" \/>\n<meta property=\"og:type\" content=\"article\" \/>\n<meta property=\"og:title\" content=\"Viva uma Experi\u00eancia Culin\u00e1ria Exclusiva em Lisboa\" \/>\n<meta property=\"og:description\" content=\"Viva uma Experi\u00eancia Culin\u00e1ria Exclusiva em Lisboa com um Chef Privado\" \/>\n<meta property=\"og:url\" content=\"https:\/\/rent.casashelter.com\/blog\/pt\/remi-ameline-vp\/\" \/>\n<meta property=\"og:site_name\" content=\"Blog\" \/>\n<meta property=\"article:publisher\" content=\"https:\/\/www.facebook.com\/CasaShelterConciergerie\/\" \/>\n<meta property=\"article:published_time\" content=\"2025-05-02T10:51:28+00:00\" \/>\n<meta property=\"article:modified_time\" content=\"2025-05-02T11:06:06+00:00\" \/>\n<meta property=\"og:image\" content=\"https:\/\/rent.casashelter.com\/blog\/wp-content\/uploads\/2025\/05\/WhatsApp-Image-2025-05-02-at-11.49.59.jpeg\" \/>\n\t<meta property=\"og:image:width\" content=\"1600\" \/>\n\t<meta property=\"og:image:height\" content=\"1066\" \/>\n\t<meta property=\"og:image:type\" content=\"image\/jpeg\" \/>\n<meta name=\"author\" content=\"casashelter\" \/>\n<meta name=\"twitter:card\" content=\"summary_large_image\" \/>\n<meta name=\"twitter:label1\" content=\"Written by\" \/>\n\t<meta name=\"twitter:data1\" content=\"casashelter\" \/>\n\t<meta name=\"twitter:label2\" content=\"Est. reading time\" \/>\n\t<meta name=\"twitter:data2\" content=\"4 minutos\" \/>\n<script type=\"application\/ld+json\" class=\"yoast-schema-graph\">{\"@context\":\"https:\\\/\\\/schema.org\",\"@graph\":[{\"@type\":\"Article\",\"@id\":\"https:\\\/\\\/rent.casashelter.com\\\/blog\\\/pt\\\/remi-ameline-vp\\\/#article\",\"isPartOf\":{\"@id\":\"https:\\\/\\\/rent.casashelter.com\\\/blog\\\/pt\\\/remi-ameline-vp\\\/\"},\"author\":{\"name\":\"casashelter\",\"@id\":\"https:\\\/\\\/rent.casashelter.com\\\/blog\\\/pt\\\/#\\\/schema\\\/person\\\/09290ab320373ea4e990d54b40e52d62\"},\"headline\":\"Viva uma Experi\u00eancia Culin\u00e1ria Exclusiva em Lisboa com um Chef Privado\",\"datePublished\":\"2025-05-02T10:51:28+00:00\",\"dateModified\":\"2025-05-02T11:06:06+00:00\",\"mainEntityOfPage\":{\"@id\":\"https:\\\/\\\/rent.casashelter.com\\\/blog\\\/pt\\\/remi-ameline-vp\\\/\"},\"wordCount\":629,\"commentCount\":0,\"publisher\":{\"@id\":\"https:\\\/\\\/rent.casashelter.com\\\/blog\\\/pt\\\/#organization\"},\"image\":{\"@id\":\"https:\\\/\\\/rent.casashelter.com\\\/blog\\\/pt\\\/remi-ameline-vp\\\/#primaryimage\"},\"thumbnailUrl\":\"https:\\\/\\\/rent.casashelter.com\\\/blog\\\/wp-content\\\/uploads\\\/2025\\\/05\\\/WhatsApp-Image-2025-05-02-at-11.49.59.jpeg\",\"articleSection\":[\"Concierge &amp; Servi\u00e7os\"],\"inLanguage\":\"pt-PT\",\"potentialAction\":[{\"@type\":\"CommentAction\",\"name\":\"Comment\",\"target\":[\"https:\\\/\\\/rent.casashelter.com\\\/blog\\\/pt\\\/remi-ameline-vp\\\/#respond\"]}]},{\"@type\":\"WebPage\",\"@id\":\"https:\\\/\\\/rent.casashelter.com\\\/blog\\\/pt\\\/remi-ameline-vp\\\/\",\"url\":\"https:\\\/\\\/rent.casashelter.com\\\/blog\\\/pt\\\/remi-ameline-vp\\\/\",\"name\":\"Viva uma Experi\u00eancia Culin\u00e1ria Exclusiva em Lisboa\",\"isPartOf\":{\"@id\":\"https:\\\/\\\/rent.casashelter.com\\\/blog\\\/pt\\\/#website\"},\"primaryImageOfPage\":{\"@id\":\"https:\\\/\\\/rent.casashelter.com\\\/blog\\\/pt\\\/remi-ameline-vp\\\/#primaryimage\"},\"image\":{\"@id\":\"https:\\\/\\\/rent.casashelter.com\\\/blog\\\/pt\\\/remi-ameline-vp\\\/#primaryimage\"},\"thumbnailUrl\":\"https:\\\/\\\/rent.casashelter.com\\\/blog\\\/wp-content\\\/uploads\\\/2025\\\/05\\\/WhatsApp-Image-2025-05-02-at-11.49.59.jpeg\",\"datePublished\":\"2025-05-02T10:51:28+00:00\",\"dateModified\":\"2025-05-02T11:06:06+00:00\",\"description\":\"Viva uma Experi\u00eancia Culin\u00e1ria Exclusiva em Lisboa com um Chef Privado\",\"breadcrumb\":{\"@id\":\"https:\\\/\\\/rent.casashelter.com\\\/blog\\\/pt\\\/remi-ameline-vp\\\/#breadcrumb\"},\"inLanguage\":\"pt-PT\",\"potentialAction\":[{\"@type\":\"ReadAction\",\"target\":[\"https:\\\/\\\/rent.casashelter.com\\\/blog\\\/pt\\\/remi-ameline-vp\\\/\"]}]},{\"@type\":\"ImageObject\",\"inLanguage\":\"pt-PT\",\"@id\":\"https:\\\/\\\/rent.casashelter.com\\\/blog\\\/pt\\\/remi-ameline-vp\\\/#primaryimage\",\"url\":\"https:\\\/\\\/rent.casashelter.com\\\/blog\\\/wp-content\\\/uploads\\\/2025\\\/05\\\/WhatsApp-Image-2025-05-02-at-11.49.59.jpeg\",\"contentUrl\":\"https:\\\/\\\/rent.casashelter.com\\\/blog\\\/wp-content\\\/uploads\\\/2025\\\/05\\\/WhatsApp-Image-2025-05-02-at-11.49.59.jpeg\",\"width\":1600,\"height\":1066,\"caption\":\"R\u00e9mi Ameline\"},{\"@type\":\"BreadcrumbList\",\"@id\":\"https:\\\/\\\/rent.casashelter.com\\\/blog\\\/pt\\\/remi-ameline-vp\\\/#breadcrumb\",\"itemListElement\":[{\"@type\":\"ListItem\",\"position\":1,\"name\":\"Home\",\"item\":\"https:\\\/\\\/rent.casashelter.com\\\/blog\\\/pt\\\/\"},{\"@type\":\"ListItem\",\"position\":2,\"name\":\"Viva uma Experi\u00eancia Culin\u00e1ria Exclusiva em Lisboa com um Chef Privado\"}]},{\"@type\":\"WebSite\",\"@id\":\"https:\\\/\\\/rent.casashelter.com\\\/blog\\\/pt\\\/#website\",\"url\":\"https:\\\/\\\/rent.casashelter.com\\\/blog\\\/pt\\\/\",\"name\":\"Rent Casa Shelter\",\"description\":\"Casa Shelter Conciergerie\",\"publisher\":{\"@id\":\"https:\\\/\\\/rent.casashelter.com\\\/blog\\\/pt\\\/#organization\"},\"potentialAction\":[{\"@type\":\"SearchAction\",\"target\":{\"@type\":\"EntryPoint\",\"urlTemplate\":\"https:\\\/\\\/rent.casashelter.com\\\/blog\\\/pt\\\/?s={search_term_string}\"},\"query-input\":{\"@type\":\"PropertyValueSpecification\",\"valueRequired\":true,\"valueName\":\"search_term_string\"}}],\"inLanguage\":\"pt-PT\"},{\"@type\":\"Organization\",\"@id\":\"https:\\\/\\\/rent.casashelter.com\\\/blog\\\/pt\\\/#organization\",\"name\":\"Casa Shelter\",\"url\":\"https:\\\/\\\/rent.casashelter.com\\\/blog\\\/pt\\\/\",\"logo\":{\"@type\":\"ImageObject\",\"inLanguage\":\"pt-PT\",\"@id\":\"https:\\\/\\\/rent.casashelter.com\\\/blog\\\/pt\\\/#\\\/schema\\\/logo\\\/image\\\/\",\"url\":\"https:\\\/\\\/rent.casashelter.com\\\/blog\\\/wp-content\\\/uploads\\\/2025\\\/02\\\/transferir.png\",\"contentUrl\":\"https:\\\/\\\/rent.casashelter.com\\\/blog\\\/wp-content\\\/uploads\\\/2025\\\/02\\\/transferir.png\",\"width\":1052,\"height\":1052,\"caption\":\"Casa Shelter\"},\"image\":{\"@id\":\"https:\\\/\\\/rent.casashelter.com\\\/blog\\\/pt\\\/#\\\/schema\\\/logo\\\/image\\\/\"},\"sameAs\":[\"https:\\\/\\\/www.facebook.com\\\/CasaShelterConciergerie\\\/\",\"https:\\\/\\\/www.instagram.com\\\/casashelterconciergerie\\\/\",\"https:\\\/\\\/www.youtube.com\\\/channel\\\/UCBrqs-sdCloGhXCFI7m9gIQ\",\"https:\\\/\\\/pt.linkedin.com\\\/company\\\/casa-shelter-conciergerie?original_referer=httpswww.google.com\"]},{\"@type\":\"Person\",\"@id\":\"https:\\\/\\\/rent.casashelter.com\\\/blog\\\/pt\\\/#\\\/schema\\\/person\\\/09290ab320373ea4e990d54b40e52d62\",\"name\":\"casashelter\",\"image\":{\"@type\":\"ImageObject\",\"inLanguage\":\"pt-PT\",\"@id\":\"https:\\\/\\\/secure.gravatar.com\\\/avatar\\\/7733a449e976548331c2053b2bdb49496f9584103aaa7903da10fb31fb688a11?s=96&d=mm&r=g\",\"url\":\"https:\\\/\\\/secure.gravatar.com\\\/avatar\\\/7733a449e976548331c2053b2bdb49496f9584103aaa7903da10fb31fb688a11?s=96&d=mm&r=g\",\"contentUrl\":\"https:\\\/\\\/secure.gravatar.com\\\/avatar\\\/7733a449e976548331c2053b2bdb49496f9584103aaa7903da10fb31fb688a11?s=96&d=mm&r=g\",\"caption\":\"casashelter\"},\"url\":\"https:\\\/\\\/rent.casashelter.com\\\/blog\\\/pt\\\/author\\\/casashelter\\\/\"}]}<\/script>\n<!-- \/ Yoast SEO plugin. -->","yoast_head_json":{"title":"Viva uma Experi\u00eancia Culin\u00e1ria Exclusiva em Lisboa","description":"Viva uma Experi\u00eancia Culin\u00e1ria Exclusiva em Lisboa com um Chef Privado","robots":{"index":"index","follow":"follow","max-snippet":"max-snippet:-1","max-image-preview":"max-image-preview:large","max-video-preview":"max-video-preview:-1"},"canonical":"https:\/\/rent.casashelter.com\/blog\/pt\/remi-ameline-vp\/","og_locale":"pt_PT","og_type":"article","og_title":"Viva uma Experi\u00eancia Culin\u00e1ria Exclusiva em Lisboa","og_description":"Viva uma Experi\u00eancia Culin\u00e1ria Exclusiva em Lisboa com um Chef Privado","og_url":"https:\/\/rent.casashelter.com\/blog\/pt\/remi-ameline-vp\/","og_site_name":"Blog","article_publisher":"https:\/\/www.facebook.com\/CasaShelterConciergerie\/","article_published_time":"2025-05-02T10:51:28+00:00","article_modified_time":"2025-05-02T11:06:06+00:00","og_image":[{"width":1600,"height":1066,"url":"https:\/\/rent.casashelter.com\/blog\/wp-content\/uploads\/2025\/05\/WhatsApp-Image-2025-05-02-at-11.49.59.jpeg","type":"image\/jpeg"}],"author":"casashelter","twitter_card":"summary_large_image","twitter_misc":{"Written by":"casashelter","Est. reading time":"4 minutos"},"schema":{"@context":"https:\/\/schema.org","@graph":[{"@type":"Article","@id":"https:\/\/rent.casashelter.com\/blog\/pt\/remi-ameline-vp\/#article","isPartOf":{"@id":"https:\/\/rent.casashelter.com\/blog\/pt\/remi-ameline-vp\/"},"author":{"name":"casashelter","@id":"https:\/\/rent.casashelter.com\/blog\/pt\/#\/schema\/person\/09290ab320373ea4e990d54b40e52d62"},"headline":"Viva uma Experi\u00eancia Culin\u00e1ria Exclusiva em Lisboa com um Chef Privado","datePublished":"2025-05-02T10:51:28+00:00","dateModified":"2025-05-02T11:06:06+00:00","mainEntityOfPage":{"@id":"https:\/\/rent.casashelter.com\/blog\/pt\/remi-ameline-vp\/"},"wordCount":629,"commentCount":0,"publisher":{"@id":"https:\/\/rent.casashelter.com\/blog\/pt\/#organization"},"image":{"@id":"https:\/\/rent.casashelter.com\/blog\/pt\/remi-ameline-vp\/#primaryimage"},"thumbnailUrl":"https:\/\/rent.casashelter.com\/blog\/wp-content\/uploads\/2025\/05\/WhatsApp-Image-2025-05-02-at-11.49.59.jpeg","articleSection":["Concierge &amp; Servi\u00e7os"],"inLanguage":"pt-PT","potentialAction":[{"@type":"CommentAction","name":"Comment","target":["https:\/\/rent.casashelter.com\/blog\/pt\/remi-ameline-vp\/#respond"]}]},{"@type":"WebPage","@id":"https:\/\/rent.casashelter.com\/blog\/pt\/remi-ameline-vp\/","url":"https:\/\/rent.casashelter.com\/blog\/pt\/remi-ameline-vp\/","name":"Viva uma Experi\u00eancia Culin\u00e1ria Exclusiva em Lisboa","isPartOf":{"@id":"https:\/\/rent.casashelter.com\/blog\/pt\/#website"},"primaryImageOfPage":{"@id":"https:\/\/rent.casashelter.com\/blog\/pt\/remi-ameline-vp\/#primaryimage"},"image":{"@id":"https:\/\/rent.casashelter.com\/blog\/pt\/remi-ameline-vp\/#primaryimage"},"thumbnailUrl":"https:\/\/rent.casashelter.com\/blog\/wp-content\/uploads\/2025\/05\/WhatsApp-Image-2025-05-02-at-11.49.59.jpeg","datePublished":"2025-05-02T10:51:28+00:00","dateModified":"2025-05-02T11:06:06+00:00","description":"Viva uma Experi\u00eancia Culin\u00e1ria Exclusiva em Lisboa com um Chef Privado","breadcrumb":{"@id":"https:\/\/rent.casashelter.com\/blog\/pt\/remi-ameline-vp\/#breadcrumb"},"inLanguage":"pt-PT","potentialAction":[{"@type":"ReadAction","target":["https:\/\/rent.casashelter.com\/blog\/pt\/remi-ameline-vp\/"]}]},{"@type":"ImageObject","inLanguage":"pt-PT","@id":"https:\/\/rent.casashelter.com\/blog\/pt\/remi-ameline-vp\/#primaryimage","url":"https:\/\/rent.casashelter.com\/blog\/wp-content\/uploads\/2025\/05\/WhatsApp-Image-2025-05-02-at-11.49.59.jpeg","contentUrl":"https:\/\/rent.casashelter.com\/blog\/wp-content\/uploads\/2025\/05\/WhatsApp-Image-2025-05-02-at-11.49.59.jpeg","width":1600,"height":1066,"caption":"R\u00e9mi Ameline"},{"@type":"BreadcrumbList","@id":"https:\/\/rent.casashelter.com\/blog\/pt\/remi-ameline-vp\/#breadcrumb","itemListElement":[{"@type":"ListItem","position":1,"name":"Home","item":"https:\/\/rent.casashelter.com\/blog\/pt\/"},{"@type":"ListItem","position":2,"name":"Viva uma Experi\u00eancia Culin\u00e1ria Exclusiva em Lisboa com um Chef Privado"}]},{"@type":"WebSite","@id":"https:\/\/rent.casashelter.com\/blog\/pt\/#website","url":"https:\/\/rent.casashelter.com\/blog\/pt\/","name":"Rent Casa Shelter","description":"Casa Shelter Conciergerie","publisher":{"@id":"https:\/\/rent.casashelter.com\/blog\/pt\/#organization"},"potentialAction":[{"@type":"SearchAction","target":{"@type":"EntryPoint","urlTemplate":"https:\/\/rent.casashelter.com\/blog\/pt\/?s={search_term_string}"},"query-input":{"@type":"PropertyValueSpecification","valueRequired":true,"valueName":"search_term_string"}}],"inLanguage":"pt-PT"},{"@type":"Organization","@id":"https:\/\/rent.casashelter.com\/blog\/pt\/#organization","name":"Casa Shelter","url":"https:\/\/rent.casashelter.com\/blog\/pt\/","logo":{"@type":"ImageObject","inLanguage":"pt-PT","@id":"https:\/\/rent.casashelter.com\/blog\/pt\/#\/schema\/logo\/image\/","url":"https:\/\/rent.casashelter.com\/blog\/wp-content\/uploads\/2025\/02\/transferir.png","contentUrl":"https:\/\/rent.casashelter.com\/blog\/wp-content\/uploads\/2025\/02\/transferir.png","width":1052,"height":1052,"caption":"Casa Shelter"},"image":{"@id":"https:\/\/rent.casashelter.com\/blog\/pt\/#\/schema\/logo\/image\/"},"sameAs":["https:\/\/www.facebook.com\/CasaShelterConciergerie\/","https:\/\/www.instagram.com\/casashelterconciergerie\/","https:\/\/www.youtube.com\/channel\/UCBrqs-sdCloGhXCFI7m9gIQ","https:\/\/pt.linkedin.com\/company\/casa-shelter-conciergerie?original_referer=httpswww.google.com"]},{"@type":"Person","@id":"https:\/\/rent.casashelter.com\/blog\/pt\/#\/schema\/person\/09290ab320373ea4e990d54b40e52d62","name":"casashelter","image":{"@type":"ImageObject","inLanguage":"pt-PT","@id":"https:\/\/secure.gravatar.com\/avatar\/7733a449e976548331c2053b2bdb49496f9584103aaa7903da10fb31fb688a11?s=96&d=mm&r=g","url":"https:\/\/secure.gravatar.com\/avatar\/7733a449e976548331c2053b2bdb49496f9584103aaa7903da10fb31fb688a11?s=96&d=mm&r=g","contentUrl":"https:\/\/secure.gravatar.com\/avatar\/7733a449e976548331c2053b2bdb49496f9584103aaa7903da10fb31fb688a11?s=96&d=mm&r=g","caption":"casashelter"},"url":"https:\/\/rent.casashelter.com\/blog\/pt\/author\/casashelter\/"}]}},"_links":{"self":[{"href":"https:\/\/rent.casashelter.com\/blog\/pt\/wp-json\/wp\/v2\/posts\/29","targetHints":{"allow":["GET"]}}],"collection":[{"href":"https:\/\/rent.casashelter.com\/blog\/pt\/wp-json\/wp\/v2\/posts"}],"about":[{"href":"https:\/\/rent.casashelter.com\/blog\/pt\/wp-json\/wp\/v2\/types\/post"}],"author":[{"embeddable":true,"href":"https:\/\/rent.casashelter.com\/blog\/pt\/wp-json\/wp\/v2\/users\/2"}],"replies":[{"embeddable":true,"href":"https:\/\/rent.casashelter.com\/blog\/pt\/wp-json\/wp\/v2\/comments?post=29"}],"version-history":[{"count":4,"href":"https:\/\/rent.casashelter.com\/blog\/pt\/wp-json\/wp\/v2\/posts\/29\/revisions"}],"predecessor-version":[{"id":47,"href":"https:\/\/rent.casashelter.com\/blog\/pt\/wp-json\/wp\/v2\/posts\/29\/revisions\/47"}],"wp:featuredmedia":[{"embeddable":true,"href":"https:\/\/rent.casashelter.com\/blog\/pt\/wp-json\/wp\/v2\/media\/40"}],"wp:attachment":[{"href":"https:\/\/rent.casashelter.com\/blog\/pt\/wp-json\/wp\/v2\/media?parent=29"}],"wp:term":[{"taxonomy":"category","embeddable":true,"href":"https:\/\/rent.casashelter.com\/blog\/pt\/wp-json\/wp\/v2\/categories?post=29"},{"taxonomy":"post_tag","embeddable":true,"href":"https:\/\/rent.casashelter.com\/blog\/pt\/wp-json\/wp\/v2\/tags?post=29"}],"curies":[{"name":"wp","href":"https:\/\/api.w.org\/{rel}","templated":true}]}}